{"id":11700,"date":"2024-09-19T10:03:52","date_gmt":"2024-09-19T07:03:52","guid":{"rendered":"https:\/\/avan.fi\/?p=11700"},"modified":"2024-09-19T10:03:52","modified_gmt":"2024-09-19T07:03:52","slug":"mikko-paakkola-red","status":"publish","type":"post","link":"https:\/\/avan.fi\/sv\/mikko-paakkola-red","title":{"rendered":"Mikko Paakkola: RED"},"content":{"rendered":"[vc_row type=&#8221;in_container&#8221; full_screen_row_position=&#8221;middle&#8221; column_margin=&#8221;default&#8221; column_direction=&#8221;default&#8221; column_direction_tablet=&#8221;default&#8221; column_direction_phone=&#8221;default&#8221; scene_position=&#8221;center&#8221; top_padding=&#8221;5%&#8221; bottom_padding=&#8221;3%&#8221; constrain_group_2=&#8221;yes&#8221; left_padding_tablet=&#8221;0&#8243; constrain_group_4=&#8221;yes&#8221; right_padding_tablet=&#8221;0&#8243; left_padding_phone=&#8221;0&#8243; constrain_group_6=&#8221;yes&#8221; right_padding_phone=&#8221;0&#8243; text_color=&#8221;dark&#8221; text_align=&#8221;left&#8221; row_border_radius=&#8221;none&#8221; row_border_radius_applies=&#8221;bg&#8221; overflow=&#8221;visible&#8221; overlay_strength=&#8221;0.3&#8243; gradient_direction=&#8221;left_to_right&#8221; shape_divider_position=&#8221;bottom&#8221; bg_image_animation=&#8221;none&#8221; gradient_type=&#8221;default&#8221; shape_type=&#8221;&#8221;][vc_column column_padding=&#8221;no-extra-padding&#8221; column_padding_tablet=&#8221;inherit&#8221; column_padding_phone=&#8221;inherit&#8221; column_padding_position=&#8221;all&#8221; column_element_direction_desktop=&#8221;default&#8221; column_element_spacing=&#8221;default&#8221; desktop_text_alignment=&#8221;default&#8221; tablet_text_alignment=&#8221;default&#8221; phone_text_alignment=&#8221;default&#8221; background_color_opacity=&#8221;1&#8243; background_hover_color_opacity=&#8221;1&#8243; column_backdrop_filter=&#8221;none&#8221; column_shadow=&#8221;none&#8221; column_border_radius=&#8221;none&#8221; column_link_target=&#8221;_self&#8221; column_position=&#8221;default&#8221; gradient_direction=&#8221;left_to_right&#8221; overlay_strength=&#8221;0.3&#8243; width=&#8221;1\/1&#8243; tablet_width_inherit=&#8221;default&#8221; animation_type=&#8221;default&#8221; bg_image_animation=&#8221;none&#8221; border_type=&#8221;simple&#8221; column_border_width=&#8221;none&#8221; column_border_style=&#8221;solid&#8221;][vc_custom_heading text=&#8221;Mikko Paakkola: RED 4.10.2024\u201419.1.2025&#8243; font_container=&#8221;tag:h1|text_align:center&#8221; use_theme_fonts=&#8221;yes&#8221; css=&#8221;&#8221;][\/vc_column][\/vc_row][vc_row type=&#8221;in_container&#8221; full_screen_row_position=&#8221;middle&#8221; column_margin=&#8221;default&#8221; column_direction=&#8221;default&#8221; column_direction_tablet=&#8221;default&#8221; column_direction_phone=&#8221;default&#8221; scene_position=&#8221;center&#8221; left_padding_desktop=&#8221;8%&#8221; constrain_group_2=&#8221;yes&#8221; right_padding_desktop=&#8221;8%&#8221; left_padding_tablet=&#8221;0&#8243; constrain_group_4=&#8221;yes&#8221; right_padding_tablet=&#8221;0&#8243; left_padding_phone=&#8221;0&#8243; constrain_group_6=&#8221;yes&#8221; right_padding_phone=&#8221;0&#8243; text_color=&#8221;dark&#8221; text_align=&#8221;left&#8221; row_border_radius=&#8221;none&#8221; row_border_radius_applies=&#8221;bg&#8221; overflow=&#8221;visible&#8221; overlay_strength=&#8221;0.3&#8243; gradient_direction=&#8221;left_to_right&#8221; shape_divider_position=&#8221;bottom&#8221; bg_image_animation=&#8221;none&#8221; gradient_type=&#8221;default&#8221; shape_type=&#8221;&#8221;][vc_column column_padding=&#8221;no-extra-padding&#8221; column_padding_tablet=&#8221;inherit&#8221; column_padding_phone=&#8221;inherit&#8221; column_padding_position=&#8221;all&#8221; column_element_direction_desktop=&#8221;default&#8221; column_element_spacing=&#8221;default&#8221; desktop_text_alignment=&#8221;default&#8221; tablet_text_alignment=&#8221;default&#8221; phone_text_alignment=&#8221;default&#8221; background_color_opacity=&#8221;1&#8243; background_hover_color_opacity=&#8221;1&#8243; column_backdrop_filter=&#8221;none&#8221; column_shadow=&#8221;none&#8221; column_border_radius=&#8221;none&#8221; column_link_target=&#8221;_self&#8221; column_position=&#8221;default&#8221; gradient_direction=&#8221;left_to_right&#8221; overlay_strength=&#8221;0.3&#8243; width=&#8221;1\/1&#8243; tablet_width_inherit=&#8221;default&#8221; animation_type=&#8221;default&#8221; bg_image_animation=&#8221;none&#8221; border_type=&#8221;simple&#8221; column_border_width=&#8221;none&#8221; column_border_style=&#8221;solid&#8221;][vc_column_text css=&#8221;&#8221; text_direction=&#8221;default&#8221;]<strong>Pressmeddelande 19.9.2024<\/strong><\/p>\n<p>&nbsp;<\/p>\n<p><strong>Mikko Paakkola: <em>RED<br \/>\n<\/em><\/strong><strong>4.10.2024\u201419.1.2025<br \/>\n<\/strong><strong>Ars Nova, 1. v\u00e5ningen<\/strong><\/p>\n<p>&nbsp;<\/p>\n<p><em>RED<\/em> sp\u00e5rar Mikko Paakkolas stilenliga produktion, vars k\u00e4rna alltid varit gl\u00f6dande r\u00f6d. De centrala elementen i m\u00e5leriet, det f\u00e4rgm\u00e4ttade pigmentet och horisontlinjen har burit hans arbete genom ungdomens bes\u00f6kelsetid i fyrtio \u00e5r. Utst\u00e4llningen visar konstn\u00e4rens h\u00e4ngivenhet till sitt \u00e4mne, vars intensitet h\u00e5ller \u00e5sk\u00e5daren i sitt grepp. Paakkolas m\u00e5leri uppmanar till att t\u00e4nka: Vad du \u00e4n vill, vill det s\u00e5 starkt att du \u00f6nskar dess eviga \u00e5terkomst.<\/p>\n<p>Var och en l\u00e4mnar ett sp\u00e5r i v\u00e4rlden. Mikko Paakkolas sp\u00e5r \u00e4r m\u00e5leri: f\u00e4rg och ett streck, som skapar en horisont. Horisonten skapar samtidigt en gr\u00e4ns och gr\u00e4nsl\u00f6shet, och har knappt n\u00e5got att g\u00f6ra med landskap.\u00a0 Snarare \u00e4r horisonten en kontaktyta mellan sinnen och id\u00e9er, ett \u00e4mne som f\u00f6renar mark och luft.<\/p>\n<p><em>\u201dM\u00e5leriet stannar tiden. Oavbruten n\u00e4rvaro. En m\u00e5lning blir till \u00f6ver tid och str\u00e4cker sig mot evigheten. I den finns tidens varaktighet. M\u00e5lningen kan inte avbilda n\u00e5gon viss stund.\u201d Mikko Paakkola<\/em><\/p>\n<p>M\u00e5lningarnas intensiva f\u00e4rger f\u00e5r verken att gl\u00f6da inifr\u00e5n ut. N\u00e4r vi ser p\u00e5 en m\u00e5lning vet vi att den \u00e4r gjord, vi ser sp\u00e5ren av m\u00e5leriet. Samtidigt visar den sig \u00e4nd\u00e5 som en h\u00e4ndelse: f\u00e4rgen gl\u00f6der framf\u00f6r v\u00e5ra \u00f6gon och vi uppslukas av m\u00e5lningen. Synen \u00e4r en stark solnedg\u00e5ng eller soluppg\u00e5ng, apokalyps eller en ny b\u00f6rjan. Maurice Blanchot (1907\u20132003) skriver: <em>\u201dVi st\u00e5r inf\u00f6r f\u00f6rst\u00f6relsen men vi kan inte placera den i framtiden: snarare har den alltid h\u00e4nt och \u00e4nd\u00e5 st\u00e5r vi inf\u00f6r den, eller s\u00e5 hotar den oss.\u201d<\/em><\/p>\n<p>Paakkolas till\u00e4gnelse till f\u00e4rg och hans orubbliga konstuppfattning \u00e4r n\u00e4ra besl\u00e4ktad med 1940-talets amerikanska, abstrakta m\u00e5lerikonst. Att uppleva Mark Rothkos (1903\u20131970) m\u00e5lningar har haft en varkatig p\u00e5verkan p\u00e5 Paakkolas bana som konstn\u00e4r. Manusf\u00f6rfattare John Logans replik i pj\u00e4sen <em>Red<\/em> (2009), som handlar om Rothko, sammanfattar ocks\u00e5 den sp\u00e4nning som r\u00e5der i Paakkolas m\u00e5lningar: <em>\u201dDet finns bara en sak som jag \u00e4r r\u00e4dd f\u00f6r: att n\u00e5gon dag tar svart \u00f6ver r\u00f6tt.\u201d<\/em><\/p>\n<p>\u00c5 andra sidan kommer konstn\u00e4ren och konstteoretikern Ad Reinhardts (1913\u20131967) krav p\u00e5 fri konst fram i m\u00e5leriets n\u00e4rvaro och egenv\u00e4rde: dess kompromissl\u00f6shet, konkretion, anonymitet, uppriktighet, s\u00e4kerhet och verklighet. Hans m\u00e5lningar st\u00e4ller fr\u00e5gan: vem \u00e4r r\u00e4dd f\u00f6r r\u00f6tt, gult och bl\u00e5tt? Vi m\u00f6ter oss sj\u00e4lva i f\u00e4rgernas v\u00e4rld.<\/p>\n<p>Mikko Paakkola \u00e4r konstm\u00e5lare. Han ber\u00e4ttar: <em>\u201dM\u00e5leri \u00e4r en str\u00e4van efter perfektion, som man n\u00e4rmar sig med repetition och \u00e5tskillnad. M\u00e5leriet h\u00e5lls i liv genom m\u00e5lmedvetenhet \u2013 det \u00e4r en kamp om existens.\u201d <\/em>Det vardagliga arbetet, m\u00e5leriet, definierar vad som \u00e4r viktigt. Konsten l\u00f6ses ut genom m\u00e5leri, arbete.<\/p>\n<p>Enligt Reinhardt kommer konstens enda verkliga kraft och perfektion fr\u00e5n l\u00e5ngvarig, ensam och rutinm\u00e4ssig f\u00f6rberedelse, fokus och upprepning. Konstn\u00e4rens enda konstverk, enda verkliga m\u00e5lning, \u00e4r <em>en eller ett<\/em>: en forml\u00f6sning, en f\u00e4rg, en linj\u00e4r delning, en symmetri, en ytstruktur, ett s\u00e4tt att anv\u00e4nda penseln med fri hand, en rytm, en bearbetning av allt till ett s\u00f6nderfallande och till en odelbarhet.<\/p>\n<p>Konsten tar med och utan avsikt st\u00e4llning till fr\u00e5gan om individens fria vilja. Konstn\u00e4rskapet kr\u00e4ver autenticitet, vilken \u00e4r en slags konsekvent oundviklighet mellan konstn\u00e4rens karakt\u00e4r och konstverken. Paakkola har m\u00e5lat ett och samma verk i n\u00e4stan 40 \u00e5r. Han har fokuserat p\u00e5 varandet som n\u00e5got man g\u00f6r. Han f\u00f6resl\u00e5r: <em>\u201dVi, som lever p\u00e5 f\u00e4rger och f\u00f6r dem, g\u00f6r det p\u00e5 v\u00e5rt helt egna s\u00e4tt, och till\u00e5t det f\u00f6r oss, som en ren egenhet och naturnyck.\u201d <\/em>Om vi kan l\u00e4ra oss n\u00e5gonting av konstn\u00e4rer, s\u00e5 \u00e4r det deras integritet och f\u00f6rm\u00e5ga att anv\u00e4nda sin egen frihet.<\/p>\n<p>Verken i utst\u00e4llningen \u00e4r i stora drag fr\u00e5n de senaste tio \u00e5ren, nu \u00e4r inte tiden inne f\u00f6r en retrospektiv utst\u00e4llning. Verken som st\u00e5r framme i utst\u00e4llningen kommer fr\u00e5n konstn\u00e4rens egna samlingar samt privata och Nationalgalleriets samlingar.<\/p>\n<p>Utst\u00e4llningen omfattar stora m\u00e5lningar och seriella helheter best\u00e5ende av mindre m\u00e5lningar. Paakkolas utm\u00e4rkande metod \u00e4r att m\u00e5la med olje- och akrylf\u00e4rger samt att anv\u00e4nda l\u00f6spigment p\u00e5 en ytbelagd tr\u00e4fiberskiva, eller p\u00e5 vad som helst. D\u00e4rf\u00f6r finns olika materialf\u00f6rs\u00f6k med i utst\u00e4llningen. Verken har inga egentliga namn, de identifieras med uppgifter om verkets h\u00f6jd och l\u00e4ngd. Utst\u00e4llningens mest k\u00e4nnspaka drag \u00e4r en riklig r\u00f6d f\u00e4rg, som gl\u00f6der genom hela utst\u00e4llningslokalen. Paakkola anv\u00e4nder sig av hela paletten, men intensiteten hos m\u00e5larens huvudf\u00e4rger (r\u00f6d, bl\u00e5 och gul) saknar motstycke.<\/p>\n<p>Mikko Paakkola (f. Lappi, Raumo) \u00e4r en bildkonstn\u00e4r, kurator och gedigen akt\u00f6r inom konstf\u00e4ltet fr\u00e5n \u00c5bo. I Taide-tidningen har han skrivit sedan \u00e5r 2018. Paakkolas f\u00f6rsta soloutst\u00e4llning var i W\u00e4in\u00f6 Aaltonens museum \u00e5r 1984 (\u00c5bo). Han har haft tiotals privatutst\u00e4llningar och han har deltagit i \u00f6ver hundra grupputst\u00e4llningar, varav n\u00e4stan h\u00e4lften ordnats annanstans i Europa.<\/p>\n<p>Bakom hans eleganta bildkonstn\u00e4rliga arbete finns en stark konsthistorisk och konstteoretisk vision av m\u00e5larkonsten. Redan innan sina konststudier studerade Paakkola filosofi och litteraturvetenskap. Han har studerat i \u00c5bo ritskola och avlagt fortsatta studier inom bildkonst i Paris anrika konstskola (\u00c9cole nationale sup\u00e9rieure des Beaux-Arts). Nuf\u00f6rtiden bor och arbetar Paakkola i \u00c5bo, medan hans konstn\u00e4rsidentitet \u00e4r centraleuropeisk. Vid millennieskiftet bodde han 10 \u00e5r i Bryssel och hittade sitt hem d\u00e4r under en gemensam gr\u00e5 himmel, som rymde alla v\u00e4rldens f\u00e4rger.<\/p>\n<p>Utst\u00e4llningen har f\u00e5tt st\u00f6d av Museiverket.<\/p>\n<p>&nbsp;<\/p>\n<p><strong>Till\u00e4ggsinformation<\/strong><\/p>\n<p>Niina Tanskanen<br \/>\nutst\u00e4llningsamanuens<br \/>\n<a href=\"mailto:niina.tanskanen@avan.fi\">niina.tanskanen@avan.fi<\/a><br \/>\n040 585 44 99[\/vc_column_text][\/vc_column][\/vc_row][vc_row type=&#8221;in_container&#8221; full_screen_row_position=&#8221;middle&#8221; column_margin=&#8221;default&#8221; column_direction=&#8221;default&#8221; column_direction_tablet=&#8221;default&#8221; column_direction_phone=&#8221;default&#8221; scene_position=&#8221;center&#8221; left_padding_desktop=&#8221;8%&#8221; constrain_group_2=&#8221;yes&#8221; right_padding_desktop=&#8221;8%&#8221; left_padding_tablet=&#8221;0&#8243; constrain_group_4=&#8221;yes&#8221; right_padding_tablet=&#8221;0&#8243; left_padding_phone=&#8221;0&#8243; constrain_group_6=&#8221;yes&#8221; right_padding_phone=&#8221;0&#8243; text_color=&#8221;dark&#8221; text_align=&#8221;left&#8221; row_border_radius=&#8221;none&#8221; row_border_radius_applies=&#8221;bg&#8221; overflow=&#8221;visible&#8221; overlay_strength=&#8221;0.3&#8243; gradient_direction=&#8221;left_to_right&#8221; shape_divider_position=&#8221;bottom&#8221; bg_image_animation=&#8221;none&#8221; gradient_type=&#8221;default&#8221; shape_type=&#8221;&#8221;][vc_column column_padding=&#8221;no-extra-padding&#8221; column_padding_tablet=&#8221;inherit&#8221; column_padding_phone=&#8221;inherit&#8221; column_padding_position=&#8221;all&#8221; column_element_direction_desktop=&#8221;default&#8221; column_element_spacing=&#8221;default&#8221; desktop_text_alignment=&#8221;default&#8221; tablet_text_alignment=&#8221;default&#8221; phone_text_alignment=&#8221;default&#8221; background_color_opacity=&#8221;1&#8243; background_hover_color_opacity=&#8221;1&#8243; column_backdrop_filter=&#8221;none&#8221; column_shadow=&#8221;none&#8221; column_border_radius=&#8221;none&#8221; column_link_target=&#8221;_self&#8221; column_position=&#8221;default&#8221; gradient_direction=&#8221;left_to_right&#8221; overlay_strength=&#8221;0.3&#8243; width=&#8221;1\/1&#8243; tablet_width_inherit=&#8221;default&#8221; animation_type=&#8221;default&#8221; bg_image_animation=&#8221;none&#8221; border_type=&#8221;simple&#8221; column_border_width=&#8221;none&#8221; column_border_style=&#8221;solid&#8221;][nectar_btn size=&#8221;large&#8221; button_style=&#8221;see-through-2&#8243; color_override=&#8221;#212121&#8243; hover_text_color_override=&#8221;#ffffff&#8221; icon_family=&#8221;default_arrow&#8221; el_class=&#8221;fullbutton&#8221; url=&#8221;https:\/\/avan.fi\/sv\/pressbilder&#8221; text=&#8221;Kuvapankki&#8221; margin_top=&#8221;15&#8243; margin_right=&#8221;15&#8243;][nectar_btn size=&#8221;large&#8221; button_style=&#8221;see-through-2&#8243; color_override=&#8221;#212121&#8243; hover_text_color_override=&#8221;#ffffff&#8221; icon_family=&#8221;default_arrow&#8221; el_class=&#8221;fullbutton&#8221; url=&#8221;https:\/\/avan.fi\/sv\/meddelanden&#8221; text=&#8221;Takaisin tiedotteisiin&#8221; margin_top=&#8221;15&#8243;][\/vc_column][\/vc_row]\n","protected":false},"excerpt":{"rendered":"<p>[vc_row type=&#8221;in_container&#8221; full_screen_row_position=&#8221;middle&#8221; column_margin=&#8221;default&#8221; column_direction=&#8221;default&#8221; column_direction_tablet=&#8221;default&#8221; column_direction_phone=&#8221;default&#8221; scene_position=&#8221;center&#8221; top_padding=&#8221;5%&#8221; bottom_padding=&#8221;3%&#8221; constrain_group_2=&#8221;yes&#8221; left_padding_tablet=&#8221;0&#8243; constrain_group_4=&#8221;yes&#8221; right_padding_tablet=&#8221;0&#8243; left_padding_phone=&#8221;0&#8243; constrain_group_6=&#8221;yes&#8221; right_padding_phone=&#8221;0&#8243; text_color=&#8221;dark&#8221; text_align=&#8221;left&#8221; row_border_radius=&#8221;none&#8221; row_border_radius_applies=&#8221;bg&#8221; overflow=&#8221;visible&#8221; overlay_strength=&#8221;0.3&#8243; gradient_direction=&#8221;left_to_right&#8221; shape_divider_position=&#8221;bottom&#8221; bg_image_animation=&#8221;none&#8221; gradient_type=&#8221;default&#8221; shape_type=&#8221;&#8221;][vc_column column_padding=&#8221;no-extra-padding&#8221; column_padding_tablet=&#8221;inherit&#8221; column_padding_phone=&#8221;inherit&#8221; column_padding_position=&#8221;all&#8221; column_element_direction_desktop=&#8221;default&#8221; column_element_spacing=&#8221;default&#8221; desktop_text_alignment=&#8221;default&#8221; tablet_text_alignment=&#8221;default&#8221; phone_text_alignment=&#8221;default&#8221; background_color_opacity=&#8221;1&#8243; background_hover_color_opacity=&#8221;1&#8243; column_backdrop_filter=&#8221;none&#8221; column_shadow=&#8221;none&#8221; column_border_radius=&#8221;none&#8221; column_link_target=&#8221;_self&#8221; column_position=&#8221;default&#8221; gradient_direction=&#8221;left_to_right&#8221;&#8230;<\/p>\n","protected":false},"author":6,"featured_media":0,"comment_status":"closed","ping_status":"closed","sticky":false,"template":"","format":"standard","meta":{"_acf_changed":false,"footnotes":""},"categories":[58],"tags":[],"class_list":{"0":"post-11700","1":"post","2":"type-post","3":"status-publish","4":"format-standard","6":"category-pressmeddelanden"},"acf":[],"yoast_head":"<!-- This site is optimized with the Yoast SEO plugin v27.4 - https:\/\/yoast.com\/product\/yoast-seo-wordpress\/ -->\n<title>Mikko Paakkola: RED | Aboa Vetus Ars Nova<\/title>\n<meta name=\"robots\" content=\"index, follow, max-snippet:-1, max-image-preview:large, max-video-preview:-1\" \/>\n<link rel=\"canonical\" href=\"https:\/\/avan.fi\/sv\/mikko-paakkola-red\" \/>\n<meta property=\"og:locale\" content=\"sv_SE\" \/>\n<meta property=\"og:type\" content=\"article\" \/>\n<meta property=\"og:title\" content=\"Mikko Paakkola: RED | Aboa Vetus Ars Nova\" \/>\n<meta property=\"og:description\" content=\"[vc_row type=&#8221;in_container&#8221; full_screen_row_position=&#8221;middle&#8221; column_margin=&#8221;default&#8221; column_direction=&#8221;default&#8221; column_direction_tablet=&#8221;default&#8221; column_direction_phone=&#8221;default&#8221; scene_position=&#8221;center&#8221; top_padding=&#8221;5%&#8221; bottom_padding=&#8221;3%&#8221; constrain_group_2=&#8221;yes&#8221; left_padding_tablet=&#8221;0&#8243; constrain_group_4=&#8221;yes&#8221; right_padding_tablet=&#8221;0&#8243; left_padding_phone=&#8221;0&#8243; constrain_group_6=&#8221;yes&#8221; right_padding_phone=&#8221;0&#8243; text_color=&#8221;dark&#8221; text_align=&#8221;left&#8221; row_border_radius=&#8221;none&#8221; row_border_radius_applies=&#8221;bg&#8221; overflow=&#8221;visible&#8221; overlay_strength=&#8221;0.3&#8243; gradient_direction=&#8221;left_to_right&#8221; shape_divider_position=&#8221;bottom&#8221; bg_image_animation=&#8221;none&#8221; gradient_type=&#8221;default&#8221; shape_type=&#8221;&#8221;][vc_column column_padding=&#8221;no-extra-padding&#8221; column_padding_tablet=&#8221;inherit&#8221; column_padding_phone=&#8221;inherit&#8221; column_padding_position=&#8221;all&#8221; column_element_direction_desktop=&#8221;default&#8221; column_element_spacing=&#8221;default&#8221; desktop_text_alignment=&#8221;default&#8221; tablet_text_alignment=&#8221;default&#8221; phone_text_alignment=&#8221;default&#8221; background_color_opacity=&#8221;1&#8243; background_hover_color_opacity=&#8221;1&#8243; column_backdrop_filter=&#8221;none&#8221; column_shadow=&#8221;none&#8221; column_border_radius=&#8221;none&#8221; column_link_target=&#8221;_self&#8221; column_position=&#8221;default&#8221; gradient_direction=&#8221;left_to_right&#8221;...\" \/>\n<meta property=\"og:url\" content=\"https:\/\/avan.fi\/sv\/mikko-paakkola-red\" \/>\n<meta property=\"og:site_name\" content=\"Aboa Vetus Ars Nova\" \/>\n<meta property=\"article:publisher\" content=\"https:\/\/www.facebook.com\/aboavetusarsnova\" \/>\n<meta property=\"article:published_time\" content=\"2024-09-19T07:03:52+00:00\" \/>\n<meta name=\"author\" content=\"Nana Grahn\" \/>\n<meta name=\"twitter:card\" content=\"summary_large_image\" \/>\n<meta name=\"twitter:creator\" content=\"@AVANmuseo\" \/>\n<meta name=\"twitter:site\" content=\"@AVANmuseo\" \/>\n<meta name=\"twitter:label1\" content=\"Skriven av\" \/>\n\t<meta name=\"twitter:data1\" content=\"Nana Grahn\" \/>\n\t<meta name=\"twitter:label2\" content=\"Ber\u00e4knad l\u00e4stid\" \/>\n\t<meta name=\"twitter:data2\" content=\"6 minuter\" \/>\n<script type=\"application\/ld+json\" class=\"yoast-schema-graph\">{\"@context\":\"https:\\\/\\\/schema.org\",\"@graph\":[{\"@type\":\"Article\",\"@id\":\"https:\\\/\\\/avan.fi\\\/sv\\\/mikko-paakkola-red#article\",\"isPartOf\":{\"@id\":\"https:\\\/\\\/avan.fi\\\/sv\\\/mikko-paakkola-red\"},\"author\":{\"name\":\"Nana Grahn\",\"@id\":\"https:\\\/\\\/avan.fi\\\/#\\\/schema\\\/person\\\/a099a6d67ef4e65b4bfdc88580e15c0d\"},\"headline\":\"Mikko Paakkola: RED\",\"datePublished\":\"2024-09-19T07:03:52+00:00\",\"mainEntityOfPage\":{\"@id\":\"https:\\\/\\\/avan.fi\\\/sv\\\/mikko-paakkola-red\"},\"wordCount\":1687,\"publisher\":{\"@id\":\"https:\\\/\\\/avan.fi\\\/#organization\"},\"articleSection\":[\"Pressmeddelanden\"],\"inLanguage\":\"sv-SE\"},{\"@type\":\"WebPage\",\"@id\":\"https:\\\/\\\/avan.fi\\\/sv\\\/mikko-paakkola-red\",\"url\":\"https:\\\/\\\/avan.fi\\\/sv\\\/mikko-paakkola-red\",\"name\":\"Mikko Paakkola: RED | Aboa Vetus Ars Nova\",\"isPartOf\":{\"@id\":\"https:\\\/\\\/avan.fi\\\/#website\"},\"datePublished\":\"2024-09-19T07:03:52+00:00\",\"breadcrumb\":{\"@id\":\"https:\\\/\\\/avan.fi\\\/sv\\\/mikko-paakkola-red#breadcrumb\"},\"inLanguage\":\"sv-SE\",\"potentialAction\":[{\"@type\":\"ReadAction\",\"target\":[\"https:\\\/\\\/avan.fi\\\/sv\\\/mikko-paakkola-red\"]}]},{\"@type\":\"BreadcrumbList\",\"@id\":\"https:\\\/\\\/avan.fi\\\/sv\\\/mikko-paakkola-red#breadcrumb\",\"itemListElement\":[{\"@type\":\"ListItem\",\"position\":1,\"name\":\"Home\",\"item\":\"https:\\\/\\\/avan.fi\\\/sv\"},{\"@type\":\"ListItem\",\"position\":2,\"name\":\"Mikko Paakkola: RED\"}]},{\"@type\":\"WebSite\",\"@id\":\"https:\\\/\\\/avan.fi\\\/#website\",\"url\":\"https:\\\/\\\/avan.fi\\\/\",\"name\":\"Aboa Vetus Ars Nova\",\"description\":\"\",\"publisher\":{\"@id\":\"https:\\\/\\\/avan.fi\\\/#organization\"},\"potentialAction\":[{\"@type\":\"SearchAction\",\"target\":{\"@type\":\"EntryPoint\",\"urlTemplate\":\"https:\\\/\\\/avan.fi\\\/?s={search_term_string}\"},\"query-input\":{\"@type\":\"PropertyValueSpecification\",\"valueRequired\":true,\"valueName\":\"search_term_string\"}}],\"inLanguage\":\"sv-SE\"},{\"@type\":\"Organization\",\"@id\":\"https:\\\/\\\/avan.fi\\\/#organization\",\"name\":\"Aboa Vetus Ars Nova\",\"url\":\"https:\\\/\\\/avan.fi\\\/\",\"logo\":{\"@type\":\"ImageObject\",\"inLanguage\":\"sv-SE\",\"@id\":\"https:\\\/\\\/avan.fi\\\/#\\\/schema\\\/logo\\\/image\\\/\",\"url\":\"https:\\\/\\\/avan.fi\\\/wp-content\\\/uploads\\\/2022\\\/03\\\/aboa_vetus_ars_nova-logo-black_1200px.png\",\"contentUrl\":\"https:\\\/\\\/avan.fi\\\/wp-content\\\/uploads\\\/2022\\\/03\\\/aboa_vetus_ars_nova-logo-black_1200px.png\",\"width\":1200,\"height\":95,\"caption\":\"Aboa Vetus Ars Nova\"},\"image\":{\"@id\":\"https:\\\/\\\/avan.fi\\\/#\\\/schema\\\/logo\\\/image\\\/\"},\"sameAs\":[\"https:\\\/\\\/www.facebook.com\\\/aboavetusarsnova\",\"https:\\\/\\\/x.com\\\/AVANmuseo\",\"https:\\\/\\\/www.youtube.com\\\/user\\\/aboavetusarsnova\",\"https:\\\/\\\/www.instagram.com\\\/aboavetusarsnova\\\/\",\"https:\\\/\\\/www.tripadvisor.ie\\\/Attraction_Review-g189949-d1753914-Reviews-Aboa_Vetus_Ars_Nova-Turku_Southwest_Finland.html\",\"https:\\\/\\\/www.linkedin.com\\\/company\\\/aboavetusarsnova\\\/\"]},{\"@type\":\"Person\",\"@id\":\"https:\\\/\\\/avan.fi\\\/#\\\/schema\\\/person\\\/a099a6d67ef4e65b4bfdc88580e15c0d\",\"name\":\"Nana Grahn\"}]}<\/script>\n<!-- \/ Yoast SEO plugin. -->","yoast_head_json":{"title":"Mikko Paakkola: RED | Aboa Vetus Ars Nova","robots":{"index":"index","follow":"follow","max-snippet":"max-snippet:-1","max-image-preview":"max-image-preview:large","max-video-preview":"max-video-preview:-1"},"canonical":"https:\/\/avan.fi\/sv\/mikko-paakkola-red","og_locale":"sv_SE","og_type":"article","og_title":"Mikko Paakkola: RED | Aboa Vetus Ars Nova","og_description":"[vc_row type=&#8221;in_container&#8221; full_screen_row_position=&#8221;middle&#8221; column_margin=&#8221;default&#8221; column_direction=&#8221;default&#8221; column_direction_tablet=&#8221;default&#8221; column_direction_phone=&#8221;default&#8221; scene_position=&#8221;center&#8221; top_padding=&#8221;5%&#8221; bottom_padding=&#8221;3%&#8221; constrain_group_2=&#8221;yes&#8221; left_padding_tablet=&#8221;0&#8243; constrain_group_4=&#8221;yes&#8221; right_padding_tablet=&#8221;0&#8243; left_padding_phone=&#8221;0&#8243; constrain_group_6=&#8221;yes&#8221; right_padding_phone=&#8221;0&#8243; text_color=&#8221;dark&#8221; text_align=&#8221;left&#8221; row_border_radius=&#8221;none&#8221; row_border_radius_applies=&#8221;bg&#8221; overflow=&#8221;visible&#8221; overlay_strength=&#8221;0.3&#8243; gradient_direction=&#8221;left_to_right&#8221; shape_divider_position=&#8221;bottom&#8221; bg_image_animation=&#8221;none&#8221; gradient_type=&#8221;default&#8221; shape_type=&#8221;&#8221;][vc_column column_padding=&#8221;no-extra-padding&#8221; column_padding_tablet=&#8221;inherit&#8221; column_padding_phone=&#8221;inherit&#8221; column_padding_position=&#8221;all&#8221; column_element_direction_desktop=&#8221;default&#8221; column_element_spacing=&#8221;default&#8221; desktop_text_alignment=&#8221;default&#8221; tablet_text_alignment=&#8221;default&#8221; phone_text_alignment=&#8221;default&#8221; background_color_opacity=&#8221;1&#8243; background_hover_color_opacity=&#8221;1&#8243; column_backdrop_filter=&#8221;none&#8221; column_shadow=&#8221;none&#8221; column_border_radius=&#8221;none&#8221; column_link_target=&#8221;_self&#8221; column_position=&#8221;default&#8221; gradient_direction=&#8221;left_to_right&#8221;...","og_url":"https:\/\/avan.fi\/sv\/mikko-paakkola-red","og_site_name":"Aboa Vetus Ars Nova","article_publisher":"https:\/\/www.facebook.com\/aboavetusarsnova","article_published_time":"2024-09-19T07:03:52+00:00","author":"Nana Grahn","twitter_card":"summary_large_image","twitter_creator":"@AVANmuseo","twitter_site":"@AVANmuseo","twitter_misc":{"Skriven av":"Nana Grahn","Ber\u00e4knad l\u00e4stid":"6 minuter"},"schema":{"@context":"https:\/\/schema.org","@graph":[{"@type":"Article","@id":"https:\/\/avan.fi\/sv\/mikko-paakkola-red#article","isPartOf":{"@id":"https:\/\/avan.fi\/sv\/mikko-paakkola-red"},"author":{"name":"Nana Grahn","@id":"https:\/\/avan.fi\/#\/schema\/person\/a099a6d67ef4e65b4bfdc88580e15c0d"},"headline":"Mikko Paakkola: RED","datePublished":"2024-09-19T07:03:52+00:00","mainEntityOfPage":{"@id":"https:\/\/avan.fi\/sv\/mikko-paakkola-red"},"wordCount":1687,"publisher":{"@id":"https:\/\/avan.fi\/#organization"},"articleSection":["Pressmeddelanden"],"inLanguage":"sv-SE"},{"@type":"WebPage","@id":"https:\/\/avan.fi\/sv\/mikko-paakkola-red","url":"https:\/\/avan.fi\/sv\/mikko-paakkola-red","name":"Mikko Paakkola: RED | Aboa Vetus Ars Nova","isPartOf":{"@id":"https:\/\/avan.fi\/#website"},"datePublished":"2024-09-19T07:03:52+00:00","breadcrumb":{"@id":"https:\/\/avan.fi\/sv\/mikko-paakkola-red#breadcrumb"},"inLanguage":"sv-SE","potentialAction":[{"@type":"ReadAction","target":["https:\/\/avan.fi\/sv\/mikko-paakkola-red"]}]},{"@type":"BreadcrumbList","@id":"https:\/\/avan.fi\/sv\/mikko-paakkola-red#breadcrumb","itemListElement":[{"@type":"ListItem","position":1,"name":"Home","item":"https:\/\/avan.fi\/sv"},{"@type":"ListItem","position":2,"name":"Mikko Paakkola: RED"}]},{"@type":"WebSite","@id":"https:\/\/avan.fi\/#website","url":"https:\/\/avan.fi\/","name":"Aboa Vetus Ars Nova","description":"","publisher":{"@id":"https:\/\/avan.fi\/#organization"},"potentialAction":[{"@type":"SearchAction","target":{"@type":"EntryPoint","urlTemplate":"https:\/\/avan.fi\/?s={search_term_string}"},"query-input":{"@type":"PropertyValueSpecification","valueRequired":true,"valueName":"search_term_string"}}],"inLanguage":"sv-SE"},{"@type":"Organization","@id":"https:\/\/avan.fi\/#organization","name":"Aboa Vetus Ars Nova","url":"https:\/\/avan.fi\/","logo":{"@type":"ImageObject","inLanguage":"sv-SE","@id":"https:\/\/avan.fi\/#\/schema\/logo\/image\/","url":"https:\/\/avan.fi\/wp-content\/uploads\/2022\/03\/aboa_vetus_ars_nova-logo-black_1200px.png","contentUrl":"https:\/\/avan.fi\/wp-content\/uploads\/2022\/03\/aboa_vetus_ars_nova-logo-black_1200px.png","width":1200,"height":95,"caption":"Aboa Vetus Ars Nova"},"image":{"@id":"https:\/\/avan.fi\/#\/schema\/logo\/image\/"},"sameAs":["https:\/\/www.facebook.com\/aboavetusarsnova","https:\/\/x.com\/AVANmuseo","https:\/\/www.youtube.com\/user\/aboavetusarsnova","https:\/\/www.instagram.com\/aboavetusarsnova\/","https:\/\/www.tripadvisor.ie\/Attraction_Review-g189949-d1753914-Reviews-Aboa_Vetus_Ars_Nova-Turku_Southwest_Finland.html","https:\/\/www.linkedin.com\/company\/aboavetusarsnova\/"]},{"@type":"Person","@id":"https:\/\/avan.fi\/#\/schema\/person\/a099a6d67ef4e65b4bfdc88580e15c0d","name":"Nana Grahn"}]}},"_links":{"self":[{"href":"https:\/\/avan.fi\/sv\/wp-json\/wp\/v2\/posts\/11700","targetHints":{"allow":["GET"]}}],"collection":[{"href":"https:\/\/avan.fi\/sv\/wp-json\/wp\/v2\/posts"}],"about":[{"href":"https:\/\/avan.fi\/sv\/wp-json\/wp\/v2\/types\/post"}],"author":[{"embeddable":true,"href":"https:\/\/avan.fi\/sv\/wp-json\/wp\/v2\/users\/6"}],"replies":[{"embeddable":true,"href":"https:\/\/avan.fi\/sv\/wp-json\/wp\/v2\/comments?post=11700"}],"version-history":[{"count":4,"href":"https:\/\/avan.fi\/sv\/wp-json\/wp\/v2\/posts\/11700\/revisions"}],"predecessor-version":[{"id":12225,"href":"https:\/\/avan.fi\/sv\/wp-json\/wp\/v2\/posts\/11700\/revisions\/12225"}],"wp:attachment":[{"href":"https:\/\/avan.fi\/sv\/wp-json\/wp\/v2\/media?parent=11700"}],"wp:term":[{"taxonomy":"category","embeddable":true,"href":"https:\/\/avan.fi\/sv\/wp-json\/wp\/v2\/categories?post=11700"},{"taxonomy":"post_tag","embeddable":true,"href":"https:\/\/avan.fi\/sv\/wp-json\/wp\/v2\/tags?post=11700"}],"curies":[{"name":"wp","href":"https:\/\/api.w.org\/{rel}","templated":true}]}}